{"id":2746,"date":"2026-09-02T15:25:08","date_gmt":"2026-09-02T14:25:08","guid":{"rendered":"https:\/\/pappkoepp.de\/?p=2746"},"modified":"2026-09-02T15:25:09","modified_gmt":"2026-09-02T14:25:09","slug":"2746","status":"publish","type":"post","link":"https:\/\/pappkoepp.de\/?p=2746","title":{"rendered":""},"content":{"rendered":"\n<p class=\"wp-block-paragraph\"><strong>Der Kartenverkauf f\u00fcr die neue Spielzeit beginnt<\/strong><\/p>\n\n\n\n<p class=\"wp-block-paragraph\">Ab Samstag, dem 05.09.2026 gibt es wieder Karten f\u00fcr die neue Spielzeit.<\/p>\n\n\n\n<p class=\"wp-block-paragraph\">Unter dem Titel &#8222;van Prinze, Hexe on angerte L\u00fc\u00fc&#8220; werden die Pappk\u00f6pp sich mit dem Themenkomplex M\u00e4rchen besch\u00e4ftigen. Nat\u00fcrlich wird es eine ganz besondere Sichtweise werden.<\/p>\n\n\n\n<p class=\"wp-block-paragraph\">Im Pappk\u00f6pp-Theater k\u00f6nnen Sie am Samstag, dem 05.09.2026 von 10:00 bis 12:00 Uhr direkt vor Ort Karten erwerben.<br>Unmittelbar danach wird der Verkauf von EIntrittskarten in unserem Webshop freigeschaltet.<br>Karten gibt es ab \u20ac 20,00.<\/p>\n\n\n\n<p class=\"wp-block-paragraph\">Die Pappk\u00f6pp freuen sich auf eine tolle Spielzeit.<\/p>\n","protected":false},"excerpt":{"rendered":"<p>Der Kartenverkauf f\u00fcr die neue Spielzeit beginnt Ab Samstag, dem 05.09.2026 gibt es wieder Karten f\u00fcr die neue Spielzeit. Unter dem Titel &#8222;van Prinze, Hexe on angerte L\u00fc\u00fc&#8220; werden die Pappk\u00f6pp sich mit dem Themenkomplex M\u00e4rchen besch\u00e4ftigen. Nat\u00fcrlich wird es eine ganz besondere Sichtweise werden. Im Pappk\u00f6pp-Theater k\u00f6nnen Sie am Samstag, dem 05.09.2026 von 10:00 [&hellip;]<\/p>\n","protected":false},"author":5,"featured_media":0,"comment_status":"closed","ping_status":"closed","sticky":false,"template":"","format":"standard","meta":{"footnotes":""},"categories":[1],"tags":[],"class_list":["post-2746","post","type-post","status-publish","format-standard","hentry","category-uncategorized"],"yoast_head":"<!-- This site is optimized with the Yoast SEO plugin v28.4 - https:\/\/yoast.com\/product\/yoast-seo-wordpress\/ -->\n<title>- Krieewelsche Pappkoepp<\/title>\n<meta name=\"robots\" content=\"index, follow, max-snippet:-1, max-image-preview:large, max-video-preview:-1\" \/>\n<link rel=\"canonical\" href=\"https:\/\/pappkoepp.de\/?p=2746\" \/>\n<meta property=\"og:locale\" content=\"de_DE\" \/>\n<meta property=\"og:type\" content=\"article\" \/>\n<meta property=\"og:title\" content=\"- Krieewelsche Pappkoepp\" \/>\n<meta property=\"og:description\" content=\"Der Kartenverkauf f\u00fcr die neue Spielzeit beginnt Ab Samstag, dem 05.09.2026 gibt es wieder Karten f\u00fcr die neue Spielzeit. Unter dem Titel &#8222;van Prinze, Hexe on angerte L\u00fc\u00fc&#8220; werden die Pappk\u00f6pp sich mit dem Themenkomplex M\u00e4rchen besch\u00e4ftigen. Nat\u00fcrlich wird es eine ganz besondere Sichtweise werden. Im Pappk\u00f6pp-Theater k\u00f6nnen Sie am Samstag, dem 05.09.2026 von 10:00 [&hellip;]\" \/>\n<meta property=\"og:url\" content=\"https:\/\/pappkoepp.de\/?p=2746\" \/>\n<meta property=\"og:site_name\" content=\"Krieewelsche Pappkoepp\" \/>\n<meta property=\"article:publisher\" content=\"https:\/\/www.facebook.com\/pappkoepp\" \/>\n<meta property=\"article:published_time\" content=\"2026-09-02T14:25:08+00:00\" \/>\n<meta property=\"article:modified_time\" content=\"2026-09-02T14:25:09+00:00\" \/>\n<meta name=\"author\" content=\"Volker Matter\" \/>\n<meta name=\"twitter:card\" content=\"summary_large_image\" \/>\n<meta name=\"twitter:label1\" content=\"Verfasst von\" \/>\n\t<meta name=\"twitter:data1\" content=\"Volker Matter\" \/>\n\t<meta name=\"twitter:label2\" content=\"Gesch\u00e4tzte Lesezeit\" \/>\n\t<meta name=\"twitter:data2\" content=\"1\u00a0Minute\" \/>\n<script type=\"application\/ld+json\" class=\"yoast-schema-graph\">{\"@context\":\"https:\\\/\\\/schema.org\",\"@graph\":[{\"@type\":\"Article\",\"@id\":\"https:\\\/\\\/pappkoepp.de\\\/?p=2746#article\",\"isPartOf\":{\"@id\":\"https:\\\/\\\/pappkoepp.de\\\/?p=2746\"},\"author\":{\"name\":\"Volker Matter\",\"@id\":\"https:\\\/\\\/pappkoepp.de\\\/#\\\/schema\\\/person\\\/8e0e87f7e85b4b53ac743d3c42694a73\"},\"headline\":\"Kein Titel\",\"datePublished\":\"2026-09-02T14:25:08+00:00\",\"dateModified\":\"2026-09-02T14:25:09+00:00\",\"mainEntityOfPage\":{\"@id\":\"https:\\\/\\\/pappkoepp.de\\\/?p=2746\"},\"wordCount\":91,\"publisher\":{\"@id\":\"https:\\\/\\\/pappkoepp.de\\\/#organization\"},\"articleSection\":[\"Uncategorized\"],\"inLanguage\":\"de\"},{\"@type\":\"WebPage\",\"@id\":\"https:\\\/\\\/pappkoepp.de\\\/?p=2746\",\"url\":\"https:\\\/\\\/pappkoepp.de\\\/?p=2746\",\"name\":\"- Krieewelsche Pappkoepp\",\"isPartOf\":{\"@id\":\"https:\\\/\\\/pappkoepp.de\\\/#website\"},\"datePublished\":\"2026-09-02T14:25:08+00:00\",\"dateModified\":\"2026-09-02T14:25:09+00:00\",\"inLanguage\":\"de\",\"potentialAction\":[{\"@type\":\"ReadAction\",\"target\":[\"https:\\\/\\\/pappkoepp.de\\\/?p=2746\"]}]},{\"@type\":\"WebSite\",\"@id\":\"https:\\\/\\\/pappkoepp.de\\\/#website\",\"url\":\"https:\\\/\\\/pappkoepp.de\\\/\",\"name\":\"Krieewelsche Pappkoepp\",\"description\":\"Kleinkunst in Krefelder Mundart\",\"publisher\":{\"@id\":\"https:\\\/\\\/pappkoepp.de\\\/#organization\"},\"potentialAction\":[{\"@type\":\"SearchAction\",\"target\":{\"@type\":\"EntryPoint\",\"urlTemplate\":\"https:\\\/\\\/pappkoepp.de\\\/?s={search_term_string}\"},\"query-input\":{\"@type\":\"PropertyValueSpecification\",\"valueRequired\":true,\"valueName\":\"search_term_string\"}}],\"inLanguage\":\"de\"},{\"@type\":\"Organization\",\"@id\":\"https:\\\/\\\/pappkoepp.de\\\/#organization\",\"name\":\"Krieewelsche Pappk\u00f6pp e.V.\",\"url\":\"https:\\\/\\\/pappkoepp.de\\\/\",\"logo\":{\"@type\":\"ImageObject\",\"inLanguage\":\"de\",\"@id\":\"https:\\\/\\\/pappkoepp.de\\\/#\\\/schema\\\/logo\\\/image\\\/\",\"url\":\"https:\\\/\\\/pappkoepp.de\\\/wp-content\\\/uploads\\\/2021\\\/05\\\/PK_Logo.jpg\",\"contentUrl\":\"https:\\\/\\\/pappkoepp.de\\\/wp-content\\\/uploads\\\/2021\\\/05\\\/PK_Logo.jpg\",\"width\":796,\"height\":524,\"caption\":\"Krieewelsche Pappk\u00f6pp e.V.\"},\"image\":{\"@id\":\"https:\\\/\\\/pappkoepp.de\\\/#\\\/schema\\\/logo\\\/image\\\/\"},\"sameAs\":[\"https:\\\/\\\/www.facebook.com\\\/pappkoepp\",\"https:\\\/\\\/de.wikipedia.org\\\/wiki\\\/Krieewelsche_pappk\u00f6pp\"]},{\"@type\":\"Person\",\"@id\":\"https:\\\/\\\/pappkoepp.de\\\/#\\\/schema\\\/person\\\/8e0e87f7e85b4b53ac743d3c42694a73\",\"name\":\"Volker Matter\",\"image\":{\"@type\":\"ImageObject\",\"inLanguage\":\"de\",\"@id\":\"https:\\\/\\\/secure.gravatar.com\\\/avatar\\\/940ba304292d3c2979032e333e15987caa1ff4f6317f63e24e739d4b4955bf2f?s=96&d=mm&r=g\",\"url\":\"https:\\\/\\\/secure.gravatar.com\\\/avatar\\\/940ba304292d3c2979032e333e15987caa1ff4f6317f63e24e739d4b4955bf2f?s=96&d=mm&r=g\",\"contentUrl\":\"https:\\\/\\\/secure.gravatar.com\\\/avatar\\\/940ba304292d3c2979032e333e15987caa1ff4f6317f63e24e739d4b4955bf2f?s=96&d=mm&r=g\",\"caption\":\"Volker Matter\"}}]}<\/script>\n<!-- \/ Yoast SEO plugin. -->","yoast_head_json":{"title":"- Krieewelsche Pappkoepp","robots":{"index":"index","follow":"follow","max-snippet":"max-snippet:-1","max-image-preview":"max-image-preview:large","max-video-preview":"max-video-preview:-1"},"canonical":"https:\/\/pappkoepp.de\/?p=2746","og_locale":"de_DE","og_type":"article","og_title":"- Krieewelsche Pappkoepp","og_description":"Der Kartenverkauf f\u00fcr die neue Spielzeit beginnt Ab Samstag, dem 05.09.2026 gibt es wieder Karten f\u00fcr die neue Spielzeit. Unter dem Titel &#8222;van Prinze, Hexe on angerte L\u00fc\u00fc&#8220; werden die Pappk\u00f6pp sich mit dem Themenkomplex M\u00e4rchen besch\u00e4ftigen. Nat\u00fcrlich wird es eine ganz besondere Sichtweise werden. Im Pappk\u00f6pp-Theater k\u00f6nnen Sie am Samstag, dem 05.09.2026 von 10:00 [&hellip;]","og_url":"https:\/\/pappkoepp.de\/?p=2746","og_site_name":"Krieewelsche Pappkoepp","article_publisher":"https:\/\/www.facebook.com\/pappkoepp","article_published_time":"2026-09-02T14:25:08+00:00","article_modified_time":"2026-09-02T14:25:09+00:00","author":"Volker Matter","twitter_card":"summary_large_image","twitter_misc":{"Verfasst von":"Volker Matter","Gesch\u00e4tzte Lesezeit":"1\u00a0Minute"},"schema":{"@context":"https:\/\/schema.org","@graph":[{"@type":"Article","@id":"https:\/\/pappkoepp.de\/?p=2746#article","isPartOf":{"@id":"https:\/\/pappkoepp.de\/?p=2746"},"author":{"name":"Volker Matter","@id":"https:\/\/pappkoepp.de\/#\/schema\/person\/8e0e87f7e85b4b53ac743d3c42694a73"},"headline":"Kein Titel","datePublished":"2026-09-02T14:25:08+00:00","dateModified":"2026-09-02T14:25:09+00:00","mainEntityOfPage":{"@id":"https:\/\/pappkoepp.de\/?p=2746"},"wordCount":91,"publisher":{"@id":"https:\/\/pappkoepp.de\/#organization"},"articleSection":["Uncategorized"],"inLanguage":"de"},{"@type":"WebPage","@id":"https:\/\/pappkoepp.de\/?p=2746","url":"https:\/\/pappkoepp.de\/?p=2746","name":"- Krieewelsche Pappkoepp","isPartOf":{"@id":"https:\/\/pappkoepp.de\/#website"},"datePublished":"2026-09-02T14:25:08+00:00","dateModified":"2026-09-02T14:25:09+00:00","inLanguage":"de","potentialAction":[{"@type":"ReadAction","target":["https:\/\/pappkoepp.de\/?p=2746"]}]},{"@type":"WebSite","@id":"https:\/\/pappkoepp.de\/#website","url":"https:\/\/pappkoepp.de\/","name":"Krieewelsche Pappkoepp","description":"Kleinkunst in Krefelder Mundart","publisher":{"@id":"https:\/\/pappkoepp.de\/#organization"},"potentialAction":[{"@type":"SearchAction","target":{"@type":"EntryPoint","urlTemplate":"https:\/\/pappkoepp.de\/?s={search_term_string}"},"query-input":{"@type":"PropertyValueSpecification","valueRequired":true,"valueName":"search_term_string"}}],"inLanguage":"de"},{"@type":"Organization","@id":"https:\/\/pappkoepp.de\/#organization","name":"Krieewelsche Pappk\u00f6pp e.V.","url":"https:\/\/pappkoepp.de\/","logo":{"@type":"ImageObject","inLanguage":"de","@id":"https:\/\/pappkoepp.de\/#\/schema\/logo\/image\/","url":"https:\/\/pappkoepp.de\/wp-content\/uploads\/2021\/05\/PK_Logo.jpg","contentUrl":"https:\/\/pappkoepp.de\/wp-content\/uploads\/2021\/05\/PK_Logo.jpg","width":796,"height":524,"caption":"Krieewelsche Pappk\u00f6pp e.V."},"image":{"@id":"https:\/\/pappkoepp.de\/#\/schema\/logo\/image\/"},"sameAs":["https:\/\/www.facebook.com\/pappkoepp","https:\/\/de.wikipedia.org\/wiki\/Krieewelsche_pappk\u00f6pp"]},{"@type":"Person","@id":"https:\/\/pappkoepp.de\/#\/schema\/person\/8e0e87f7e85b4b53ac743d3c42694a73","name":"Volker Matter","image":{"@type":"ImageObject","inLanguage":"de","@id":"https:\/\/secure.gravatar.com\/avatar\/940ba304292d3c2979032e333e15987caa1ff4f6317f63e24e739d4b4955bf2f?s=96&d=mm&r=g","url":"https:\/\/secure.gravatar.com\/avatar\/940ba304292d3c2979032e333e15987caa1ff4f6317f63e24e739d4b4955bf2f?s=96&d=mm&r=g","contentUrl":"https:\/\/secure.gravatar.com\/avatar\/940ba304292d3c2979032e333e15987caa1ff4f6317f63e24e739d4b4955bf2f?s=96&d=mm&r=g","caption":"Volker Matter"}}]}},"_links":{"self":[{"href":"https:\/\/pappkoepp.de\/index.php?rest_route=\/wp\/v2\/posts\/2746","targetHints":{"allow":["GET"]}}],"collection":[{"href":"https:\/\/pappkoepp.de\/index.php?rest_route=\/wp\/v2\/posts"}],"about":[{"href":"https:\/\/pappkoepp.de\/index.php?rest_route=\/wp\/v2\/types\/post"}],"author":[{"embeddable":true,"href":"https:\/\/pappkoepp.de\/index.php?rest_route=\/wp\/v2\/users\/5"}],"replies":[{"embeddable":true,"href":"https:\/\/pappkoepp.de\/index.php?rest_route=%2Fwp%2Fv2%2Fcomments&post=2746"}],"version-history":[{"count":2,"href":"https:\/\/pappkoepp.de\/index.php?rest_route=\/wp\/v2\/posts\/2746\/revisions"}],"predecessor-version":[{"id":2748,"href":"https:\/\/pappkoepp.de\/index.php?rest_route=\/wp\/v2\/posts\/2746\/revisions\/2748"}],"wp:attachment":[{"href":"https:\/\/pappkoepp.de\/index.php?rest_route=%2Fwp%2Fv2%2Fmedia&parent=2746"}],"wp:term":[{"taxonomy":"category","embeddable":true,"href":"https:\/\/pappkoepp.de\/index.php?rest_route=%2Fwp%2Fv2%2Fcategories&post=2746"},{"taxonomy":"post_tag","embeddable":true,"href":"https:\/\/pappkoepp.de\/index.php?rest_route=%2Fwp%2Fv2%2Ftags&post=2746"}],"curies":[{"name":"wp","href":"https:\/\/api.w.org\/{rel}","templated":true}]}}